{"id":3826,"date":"2023-09-13T16:58:40","date_gmt":"2023-09-13T16:58:40","guid":{"rendered":"https:\/\/texless.com\/?p=3826"},"modified":"2023-09-13T17:05:02","modified_gmt":"2023-09-13T17:05:02","slug":"texless-estara-presente-en-futurmoda-2023","status":"publish","type":"post","link":"https:\/\/texless.com\/fr\/texless-estara-presente-en-futurmoda-2023\/","title":{"rendered":"TEXLESS ESTAR\u00c1 PRESENTE EN FUTURMODA 2023"},"content":{"rendered":"<div style=\"height:40px\" aria-hidden=\"true\" class=\"wp-block-spacer\"><\/div>\n\n\n\n<p>EL PR\u00d3XIMO MES DE OCTUBRE NOS PODR\u00c1S ENCONTRAR EN LA FERIA FUTURMODA 2023 &#8211; FALL WINTER 24-25.<\/p>\n\n\n\n<p>LOS D\u00cdAS 18-19 EN EL STAND H21-H23<\/p>\n\n\n\n<p>Presentaremos todas nuestras novedades y tendencias para la temporada 24\/25.<\/p>\n\n\n\n<p>P\u00eddenos tu invitaci\u00f3n al evento escribi\u00e9ndonos a <a href=\"mailto:info@texless.com\">info@texless.com<\/a><\/p>\n\n\n\n<div style=\"height:40px\" aria-hidden=\"true\" class=\"wp-block-spacer\"><\/div>\n\n\n\n<figure class=\"wp-block-image size-large\"><img fetchpriority=\"high\" decoding=\"async\" width=\"1024\" height=\"294\" src=\"https:\/\/texless.com\/wp-content\/uploads\/2023\/09\/BANNER-WEB-1500x430-1-1024x294.jpg\" alt=\"\" class=\"wp-image-3780\" srcset=\"https:\/\/texless.com\/wp-content\/uploads\/2023\/09\/BANNER-WEB-1500x430-1-1024x294.jpg 1024w, https:\/\/texless.com\/wp-content\/uploads\/2023\/09\/BANNER-WEB-1500x430-1-300x86.jpg 300w, https:\/\/texless.com\/wp-content\/uploads\/2023\/09\/BANNER-WEB-1500x430-1-768x220.jpg 768w, https:\/\/texless.com\/wp-content\/uploads\/2023\/09\/BANNER-WEB-1500x430-1-500x143.jpg 500w, https:\/\/texless.com\/wp-content\/uploads\/2023\/09\/BANNER-WEB-1500x430-1-800x229.jpg 800w, https:\/\/texless.com\/wp-content\/uploads\/2023\/09\/BANNER-WEB-1500x430-1-1280x367.jpg 1280w, https:\/\/texless.com\/wp-content\/uploads\/2023\/09\/BANNER-WEB-1500x430-1.jpg 1500w\" sizes=\"(max-width: 1024px) 100vw, 1024px\" \/><\/figure>\n\n\n\n<p><a href=\"https:\/\/www.futurmoda.es\/?s=TEXLESS\" target=\"_blank\" rel=\"noopener\">https:\/\/www.futurmoda.es\/?s=TEXLESS<\/a><\/p>","protected":false},"excerpt":{"rendered":"<p>EL PR\u00d3XIMO MES DE OCTUBRE NOS PODR\u00c1S ENCONTRAR EN LA FERIA FUTURMODA 2023 &#8211; FALL WINTER 24-25. LOS D\u00cdAS 18-19&#8230;<\/p>","protected":false},"author":1,"featured_media":3827,"comment_status":"closed","ping_status":"closed","sticky":false,"template":"","format":"standard","meta":{"footnotes":""},"categories":[1],"tags":[],"class_list":["post-3826","post","type-post","status-publish","format-standard","has-post-thumbnail","hentry","category-uncategorized"],"_links":{"self":[{"href":"https:\/\/texless.com\/fr\/wp-json\/wp\/v2\/posts\/3826","targetHints":{"allow":["GET"]}}],"collection":[{"href":"https:\/\/texless.com\/fr\/wp-json\/wp\/v2\/posts"}],"about":[{"href":"https:\/\/texless.com\/fr\/wp-json\/wp\/v2\/types\/post"}],"author":[{"embeddable":true,"href":"https:\/\/texless.com\/fr\/wp-json\/wp\/v2\/users\/1"}],"replies":[{"embeddable":true,"href":"https:\/\/texless.com\/fr\/wp-json\/wp\/v2\/comments?post=3826"}],"version-history":[{"count":0,"href":"https:\/\/texless.com\/fr\/wp-json\/wp\/v2\/posts\/3826\/revisions"}],"wp:featuredmedia":[{"embeddable":true,"href":"https:\/\/texless.com\/fr\/wp-json\/wp\/v2\/media\/3827"}],"wp:attachment":[{"href":"https:\/\/texless.com\/fr\/wp-json\/wp\/v2\/media?parent=3826"}],"wp:term":[{"taxonomy":"category","embeddable":true,"href":"https:\/\/texless.com\/fr\/wp-json\/wp\/v2\/categories?post=3826"},{"taxonomy":"post_tag","embeddable":true,"href":"https:\/\/texless.com\/fr\/wp-json\/wp\/v2\/tags?post=3826"}],"curies":[{"name":"wp","href":"https:\/\/api.w.org\/{rel}","templated":true}]}}